{"id":3874,"date":"2015-12-05T18:10:37","date_gmt":"2015-12-05T18:10:37","guid":{"rendered":"http:\/\/iamaw16.ca\/?p=3874"},"modified":"2015-12-05T18:10:37","modified_gmt":"2015-12-05T18:10:37","slug":"bc-fed-statement-national-day-of-remembrance-and-action-on-violence-against-women","status":"publish","type":"post","link":"https:\/\/iamaw16.ca\/?p=3874","title":{"rendered":"BC FED &#8211; Statement National Day of Remembrance and Action on Violence Against Women"},"content":{"rendered":"<h1 style=\"text-align: center;\"><strong><span style=\"text-decoration: underline;\">Statement National Day of Remembrance and Action on Violence Against Women<\/span><\/strong><\/h1>\n<p>NEWS RELEASE<br \/>\n**For immediate release**<br \/>\nDecember 4, 2015<br \/>\nStatement on the National Day of Remembrance and Action on Violence Against Women<br \/>\nVancouver &#8211;<\/p>\n<p>The following is a statement from Irene Lanzinger, President of the BC\u00a0 Federation of Labour, on the National Day of Remembrance and Action on Violence Against Women.<\/p>\n<p>\u201cToday marks the 26th anniversary of the day a 25-year-old man walked into the \u00c9cole Polytechnique de Montr\u00e9al armed with a rifle and went on a rampage that targeted only women.<a href=\"https:\/\/iamaw16.ca\/wp-content\/uploads\/2013\/08\/bcfed130.jpg\"><img loading=\"lazy\" decoding=\"async\" class=\"alignright size-full wp-image-1551\" src=\"https:\/\/iamaw16.ca\/wp-content\/uploads\/2013\/08\/bcfed130.jpg\" alt=\"bcfed130\" width=\"130\" height=\"126\" srcset=\"https:\/\/iamaw16.ca\/wp-content\/uploads\/2013\/08\/bcfed130.jpg 130w, https:\/\/iamaw16.ca\/wp-content\/uploads\/2013\/08\/bcfed130-60x58.jpg 60w\" sizes=\"auto, (max-width: 130px) 100vw, 130px\" \/><\/a><br \/>\nAt the end of this horrific event, 14 women were dead: Genevi\u00e8ve Bergeron, 21; H\u00e9l\u00e8ne Colgan, 23; Nathalie Croteau, 23; Barbara Daigneault, 22; Anne-Marie Edward, 21; Maud Haviernick, 29; Barbara Klueznick, 31; Maryse Lagani\u00e8re, 25; Maryse Leclair, 23; Anne-Marie Lemay, 22; Sonia Pelletier, 23; Mich\u00e8le Richard, 21; Anne St-Arneault, 23; and Annie Turcotte, 21.<br \/>\nThese women were killed for simply being women pursuing an education in the trades.<br \/>\nWe mark this day each year to remember them \u2013 and to stand united against such terrible violence.<br \/>\nWe mark this day each year because our work is far from over. Violence against women \u2013 in the home, the workplace, and the community \u2013 is still a reality, and continues to cause deep wounds in the lives of millions of women and girls in every corner of the globe.<br \/>\nIn British Columbia, we still struggle for true recognition of the violence \u2013 physical, sexual and economic &#8211; women face every day.<br \/>\nThe fact that we are still fighting for safe transportation along the Highway of Tears and for meaningful action on the thousands of missing and murdered Aboriginal women and girls stands as a testament to the government\u2019s inaction and failure on this issue.<br \/>\nThe reality of violent crimes against women in our own backyard must not go unacknowledged and unchallenged.<\/p>\n<p>On this Day of Remembrance and Action, we must remember the 14 women who were killed in 1989 and all women and girls who have been the targets of violence.<br \/>\nWe must consider the women and girls for whom violence is still a daily occurrence.<br \/>\nAnd we must reflect on how such gender-based violence is perpetuated in our society.<br \/>\nThis day should serve as an opportunity to re-commit to the challenges ahead \u2013 and for governments at every level to take the steps necessary to advance social and economic equality in our society.\u201d<\/p>\n<p>Irene Lanzinger will participate in the End Violence Against Women 5th Annual Candlelight Vigil. Sunday, December 6, 2015, 4:00 pm to 6:00 pm, Holland Park, Surrey.<\/p>\n<p><a href=\"https:\/\/iamaw16.ca\/wp-content\/uploads\/2015\/12\/Statement-National-Day-of-Remembrance-and-Action-on-Violence-Against-Women.pdf\">https:\/\/iamaw16.ca\/wp-content\/uploads\/2015\/12\/Statement-National-Day-of-Remembrance-and-Action-on-Violence-Against-Women.pdf<\/a><\/p>\n","protected":false},"excerpt":{"rendered":"<p>Statement National Day of Remembrance and Action on Violence Against Women NEWS RELEASE **For immediate release** December 4, 2015 Statement [&hellip;]<\/p>\n","protected":false},"author":4,"featured_media":0,"comment_status":"closed","ping_status":"closed","sticky":false,"template":"","format":"standard","meta":{"footnotes":""},"categories":[1],"tags":[],"class_list":["post-3874","post","type-post","status-publish","format-standard","hentry","category-uncategorized"],"_links":{"self":[{"href":"https:\/\/iamaw16.ca\/index.php?rest_route=\/wp\/v2\/posts\/3874","targetHints":{"allow":["GET"]}}],"collection":[{"href":"https:\/\/iamaw16.ca\/index.php?rest_route=\/wp\/v2\/posts"}],"about":[{"href":"https:\/\/iamaw16.ca\/index.php?rest_route=\/wp\/v2\/types\/post"}],"author":[{"embeddable":true,"href":"https:\/\/iamaw16.ca\/index.php?rest_route=\/wp\/v2\/users\/4"}],"replies":[{"embeddable":true,"href":"https:\/\/iamaw16.ca\/index.php?rest_route=%2Fwp%2Fv2%2Fcomments&post=3874"}],"version-history":[{"count":0,"href":"https:\/\/iamaw16.ca\/index.php?rest_route=\/wp\/v2\/posts\/3874\/revisions"}],"wp:attachment":[{"href":"https:\/\/iamaw16.ca\/index.php?rest_route=%2Fwp%2Fv2%2Fmedia&parent=3874"}],"wp:term":[{"taxonomy":"category","embeddable":true,"href":"https:\/\/iamaw16.ca\/index.php?rest_route=%2Fwp%2Fv2%2Fcategories&post=3874"},{"taxonomy":"post_tag","embeddable":true,"href":"https:\/\/iamaw16.ca\/index.php?rest_route=%2Fwp%2Fv2%2Ftags&post=3874"}],"curies":[{"name":"wp","href":"https:\/\/api.w.org\/{rel}","templated":true}]}}