{"id":3809,"date":"2015-11-13T20:48:45","date_gmt":"2015-11-13T20:48:45","guid":{"rendered":"http:\/\/iamaw16.ca\/?p=3809"},"modified":"2015-11-13T20:57:51","modified_gmt":"2015-11-13T20:57:51","slug":"all-members-of-district-140-iamaw-general-chairperson-election-results-western-region-english-french","status":"publish","type":"post","link":"https:\/\/iamaw16.ca\/?p=3809","title":{"rendered":"MEMBERS OF DISTRICT 140, IAMAW &#8211; GENERAL CHAIRPERSON ELECTION RESULTS &#8211; WESTERN REGION ( English \/ French )"},"content":{"rendered":"<h1 style=\"text-align: center;\"><strong><span style=\"text-decoration: underline;\">GENERAL CHAIRPERSON ELECTION RESULTS &#8211; WESTERN REGION<\/span><\/strong><\/h1>\n<p>Dear Brothers and Sisters:<\/p>\n<p><span style=\"font-size: large;\"><span style=\"font-family: Arial; font-size: large;\">As a result of the General Chairperson Elections held on November 12, 2015, the Members listed below have been elected to a four (4) year term as <\/span><\/span><b><span style=\"font-size: large;\">General Chairpersons \u2013 Western Region<\/span><\/b><span style=\"font-size: large;\"><span style=\"font-family: Arial; font-size: large;\">, commencing on January 1, 2016. <\/span><\/span><\/p>\n<p>KEITH AIKEN &#8211; General Chairperson \u2013 At Large<\/p>\n<p>TODD HAVERSTOCK &#8211; General Chairperson \u2013 At Large<\/p>\n<p>STEVE PRINZ &#8211; General Chairperson \u2013 At Large<\/p>\n<p>TANIA CANNIFF &#8211; General Chairperson \u2013 Service Groups<\/p>\n<p>ROBERT CROTEAU &#8211; General Chairperson \u2013 Air Canada<\/p>\n<p>We would like to congratulate these Members on their victories and know that they are all committed to work diligently on your behalf for the next four (4) years.<\/p>\n<p>We would also like to thank all those Members who stood for election and all Members who came out to vote.<\/p>\n<p>In solidarity,<\/p>\n<p>Alfredo Acrobati,<\/p>\n<p>Secretary-Treasurer<\/p>\n<p>Transportation District Lodge 140, IAMAW<\/p>\n<p><a href=\"https:\/\/iamaw16.ca\/wp-content\/uploads\/2015\/11\/Bulletin067_EN.pdf\">https:\/\/iamaw16.ca\/wp-content\/uploads\/2015\/11\/Bulletin067_EN.pdf<\/a><\/p>\n<h1 style=\"text-align: center;\"><span style=\"text-decoration: underline;\"><strong>\u00c9LECTIONS AU POSTE DE PR\u00c9SIDENT G\u00c9N\u00c9RAL R\u00c9SULTATS &#8211; R\u00c9GION OUEST<\/strong><\/span><\/h1>\n<p>Chers confr\u00e8res,<\/p>\n<p>Ch\u00e8res consoeurs,<\/p>\n<p><span style=\"font-size: medium;\"><span style=\"font-family: Arial; font-size: medium;\">\u00c0 la suite des \u00e9lections au poste de pr\u00e9sident g\u00e9n\u00e9ral tenues le 12 novembre 2015, lesmembres suivants ont \u00e9t\u00e9 \u00e9lus pour un mandat de quatre (4) ans au <\/span><\/span><b><span style=\"font-size: medium;\">poste de pr\u00e9sident g\u00e9n\u00e9ral \u2013 r\u00e9gion Ouest <\/span><\/b><span style=\"font-size: medium;\"><span style=\"font-family: Arial; font-size: medium;\">d\u00e9butant le 1<\/span><\/span><span style=\"font-size: xx-small;\"><span style=\"font-family: Arial; font-size: xx-small;\">er <\/span><\/span><span style=\"font-size: medium;\"><span style=\"font-family: Arial; font-size: medium;\">janvier 2016: <\/span><\/span><\/p>\n<p>KEITH AIKEN &#8211; pr\u00e9sident g\u00e9n\u00e9ral \u2013 au service de l\u2019ensemble des membres<\/p>\n<p>TODD HAVERSTOCK &#8211; pr\u00e9sident g\u00e9n\u00e9ral \u2013 au service de l\u2019ensemble des membres<\/p>\n<p>STEVE PRINZ &#8211; pr\u00e9sident g\u00e9n\u00e9ral \u2013 au service de l\u2019ensemble des membres<\/p>\n<p>TANIA CANNIFF &#8211; pr\u00e9sidente g\u00e9n\u00e9rale \u2013 pour les groupes de service<\/p>\n<p>ROBERT CROTEAU &#8211; pr\u00e9sident g\u00e9n\u00e9ral \u2013 pour Air Canada<\/p>\n<p>Nous les f\u00e9licitons pour leur victoire et sommes persuad\u00e9s que les membres du District 140 seront bien servis au cours des quatre prochaines ann\u00e9es par ces membres travaillants et d\u00e9vou\u00e9s.<\/p>\n<p>Nous en profitons aussi pour remercier tous les membres qui se sont port\u00e9s candidats et tous les membres qui ont vot\u00e9.<\/p>\n<p>Syndicalement,<\/p>\n<p>Alfredo Acrobati,<\/p>\n<p>Secr\u00e9taire-tr\u00e9sorier<\/p>\n<p>District des transports 140, AIMTA<\/p>\n<p><a href=\"https:\/\/iamaw16.ca\/wp-content\/uploads\/2015\/11\/Bulletin-067-CHAIRPERSON-ELECTION-RESULTS-WESTERN-REGION-Fran\u00e7ais.pdf\">https:\/\/iamaw16.ca\/wp-content\/uploads\/2015\/11\/Bulletin-067-CHAIRPERSON-ELECTION-RESULTS-WESTERN-REGION-Fran\u00e7ais.pdf<\/a><\/p>\n<p>&nbsp;<\/p>\n<p>&nbsp;<\/p>\n<p>&nbsp;<\/p>\n","protected":false},"excerpt":{"rendered":"<p>GENERAL CHAIRPERSON ELECTION RESULTS &#8211; WESTERN REGION Dear Brothers and Sisters: As a result of the General Chairperson Elections held [&hellip;]<\/p>\n","protected":false},"author":4,"featured_media":0,"comment_status":"closed","ping_status":"closed","sticky":false,"template":"","format":"standard","meta":{"footnotes":""},"categories":[1],"tags":[],"class_list":["post-3809","post","type-post","status-publish","format-standard","hentry","category-uncategorized"],"_links":{"self":[{"href":"https:\/\/iamaw16.ca\/index.php?rest_route=\/wp\/v2\/posts\/3809","targetHints":{"allow":["GET"]}}],"collection":[{"href":"https:\/\/iamaw16.ca\/index.php?rest_route=\/wp\/v2\/posts"}],"about":[{"href":"https:\/\/iamaw16.ca\/index.php?rest_route=\/wp\/v2\/types\/post"}],"author":[{"embeddable":true,"href":"https:\/\/iamaw16.ca\/index.php?rest_route=\/wp\/v2\/users\/4"}],"replies":[{"embeddable":true,"href":"https:\/\/iamaw16.ca\/index.php?rest_route=%2Fwp%2Fv2%2Fcomments&post=3809"}],"version-history":[{"count":3,"href":"https:\/\/iamaw16.ca\/index.php?rest_route=\/wp\/v2\/posts\/3809\/revisions"}],"predecessor-version":[{"id":3816,"href":"https:\/\/iamaw16.ca\/index.php?rest_route=\/wp\/v2\/posts\/3809\/revisions\/3816"}],"wp:attachment":[{"href":"https:\/\/iamaw16.ca\/index.php?rest_route=%2Fwp%2Fv2%2Fmedia&parent=3809"}],"wp:term":[{"taxonomy":"category","embeddable":true,"href":"https:\/\/iamaw16.ca\/index.php?rest_route=%2Fwp%2Fv2%2Fcategories&post=3809"},{"taxonomy":"post_tag","embeddable":true,"href":"https:\/\/iamaw16.ca\/index.php?rest_route=%2Fwp%2Fv2%2Ftags&post=3809"}],"curies":[{"name":"wp","href":"https:\/\/api.w.org\/{rel}","templated":true}]}}