{"id":3788,"date":"2015-10-28T15:25:15","date_gmt":"2015-10-28T15:25:15","guid":{"rendered":"http:\/\/iamaw16.ca\/?p=3788"},"modified":"2015-10-28T15:27:07","modified_gmt":"2015-10-28T15:27:07","slug":"iamaw-members-general-chairperson-election-western-region-correction","status":"publish","type":"post","link":"https:\/\/iamaw16.ca\/?p=3788","title":{"rendered":"IAMAW MEMBERS &#8211; GENERAL CHAIRPERSON ELECTION \u2013 WESTERN REGION ***CORRECTION***"},"content":{"rendered":"<h1 style=\"text-align: center;\"><span style=\"text-decoration: underline;\"><strong>GENERAL CHAIRPERSON ELECTION \u2013 WESTERN REGION<\/strong><\/span><\/h1>\n<p>Dear Brothers and Sisters,<\/p>\n<p>It has been brought to my attention that there were mistakes on the ballots for the General Chairperson Election \u2013 Western Region. These are:<\/p>\n<p><span style=\"font-size: x-large;\"><span style=\"font-family: Arial; font-size: x-large;\">\u2022 <\/span><\/span><b><span style=\"font-size: x-large;\">Incorrect spelling in two (2) of the candidates\u2019 name<\/span><\/b><span style=\"font-size: x-large;\"><span style=\"font-family: Arial; font-size: x-large;\">: <\/span><\/span><\/p>\n<p><span style=\"font-size: x-large;\"><span style=\"font-family: Arial; font-size: x-large;\">Grewel, Gurginder &#8211; should have been spelled <\/span><\/span><b><span style=\"font-size: x-large;\">Grewal Gurjinder <\/span><\/b><\/p>\n<p><span style=\"font-size: x-large;\"><span style=\"font-family: Arial; font-size: x-large;\">Lavers, Lestr &#8211; should have been spelled Lavers<\/span><\/span><b><span style=\"font-size: x-large;\">, Lester <\/span><\/b><\/p>\n<p>As absentee ballots have been mailed out, the election will proceed as scheduled. Please take these corrections into consideration when casting your ballot.<\/p>\n<p>I wish to apologize to both candidates for these mistakes.<\/p>\n<p>In solidarity,<\/p>\n<p>Alfredo Acrobati, Secretary-Treasurer<\/p>\n<p>Transportation District 140, IAM &amp; AW<\/p>\n<p><a href=\"https:\/\/iamaw16.ca\/wp-content\/uploads\/2015\/10\/Bulletin-063-GENERAL-CHAIRPERSON-ELECTION-Western-Region-CORRECTION-English.pdf\">https:\/\/iamaw16.ca\/wp-content\/uploads\/2015\/10\/Bulletin-063-GENERAL-CHAIRPERSON-ELECTION-Western-Region-CORRECTION-English.pdf<\/a><\/p>\n<h1 style=\"text-align: center;\"><span style=\"text-decoration: underline;\"><strong>\u00c9LECTION DES PR\u00c9SIDENTS G\u00c9N\u00c9RAUX <\/strong><\/span><\/h1>\n<h1 style=\"text-align: center;\"><span style=\"text-decoration: underline;\"><strong>DE LA R\u00c9GION DE L\u2019OUEST<\/strong><\/span><\/h1>\n<p>Chers confr\u00e8res,<\/p>\n<p>Ch\u00e8res consoeurs,<\/p>\n<p>On a port\u00e9 \u00e0 mon attention qu\u2019il y avait des erreurs sur les bulletins de vote pour l\u2019\u00e9lection des pr\u00e9sidents g\u00e9n\u00e9raux de la r\u00e9gion de l\u2019Ouest.<\/p>\n<p><span style=\"font-size: x-large;\"><span style=\"font-family: Arial; font-size: x-large;\">\u2022 <\/span><\/span><b><span style=\"font-size: x-large;\">Il s\u2019agit d\u2019erreur dans l\u2019\u00e9pellation du nom de deux (2) candidats <\/span><\/b><span style=\"font-size: x-large;\"><span style=\"font-family: Arial; font-size: x-large;\">: <\/span><\/span><\/p>\n<p><span style=\"font-size: x-large;\"><span style=\"font-family: Arial; font-size: x-large;\">Grewel, Gurginder &#8211; devrait se lire <\/span><\/span><b><span style=\"font-size: x-large;\">Grewal<\/span><\/b><span style=\"font-size: x-large;\"><span style=\"font-family: Arial; font-size: x-large;\">, <\/span><\/span><b><span style=\"font-size: x-large;\">Gurjinder <\/span><\/b><\/p>\n<p><span style=\"font-size: x-large;\"><span style=\"font-family: Arial; font-size: x-large;\">Lavers, Lestr &#8211; devrait se lire Lavers, <\/span><\/span><b><span style=\"font-size: x-large;\">Lester <\/span><\/b><\/p>\n<p>Les bulletins d\u2019absent ayant \u00e9t\u00e9 envoy\u00e9s, l\u2019\u00e9lection aura lieu comme pr\u00e9vu. Veuillez donc prendre en consid\u00e9ration ces corrections au moment du vote.<\/p>\n<p>Je m\u2019excuse de mon erreur aupr\u00e8s des deux candidats.<\/p>\n<p>Syndicalement,<\/p>\n<p>Alfredo Acrobati, secr\u00e9taire-tr\u00e9sorier<\/p>\n<p>District des transports 140 &#8211; AIMTA<\/p>\n<p><a href=\"https:\/\/iamaw16.ca\/wp-content\/uploads\/2015\/10\/Bulletin-063-GENERAL-CHAIRPERSON-ELECTION-Western-Region-CORRECTION-Fran\u00e7ais.pdf\">https:\/\/iamaw16.ca\/wp-content\/uploads\/2015\/10\/Bulletin-063-GENERAL-CHAIRPERSON-ELECTION-Western-Region-CORRECTION-Fran\u00e7ais.pdf<\/a><\/p>\n<p>&nbsp;<\/p>\n<p>&nbsp;<\/p>\n<p>&nbsp;<\/p>\n","protected":false},"excerpt":{"rendered":"<p>GENERAL CHAIRPERSON ELECTION \u2013 WESTERN REGION Dear Brothers and Sisters, It has been brought to my attention that there were [&hellip;]<\/p>\n","protected":false},"author":4,"featured_media":0,"comment_status":"closed","ping_status":"closed","sticky":false,"template":"","format":"standard","meta":{"footnotes":""},"categories":[1],"tags":[],"class_list":["post-3788","post","type-post","status-publish","format-standard","hentry","category-uncategorized"],"_links":{"self":[{"href":"https:\/\/iamaw16.ca\/index.php?rest_route=\/wp\/v2\/posts\/3788","targetHints":{"allow":["GET"]}}],"collection":[{"href":"https:\/\/iamaw16.ca\/index.php?rest_route=\/wp\/v2\/posts"}],"about":[{"href":"https:\/\/iamaw16.ca\/index.php?rest_route=\/wp\/v2\/types\/post"}],"author":[{"embeddable":true,"href":"https:\/\/iamaw16.ca\/index.php?rest_route=\/wp\/v2\/users\/4"}],"replies":[{"embeddable":true,"href":"https:\/\/iamaw16.ca\/index.php?rest_route=%2Fwp%2Fv2%2Fcomments&post=3788"}],"version-history":[{"count":1,"href":"https:\/\/iamaw16.ca\/index.php?rest_route=\/wp\/v2\/posts\/3788\/revisions"}],"predecessor-version":[{"id":3791,"href":"https:\/\/iamaw16.ca\/index.php?rest_route=\/wp\/v2\/posts\/3788\/revisions\/3791"}],"wp:attachment":[{"href":"https:\/\/iamaw16.ca\/index.php?rest_route=%2Fwp%2Fv2%2Fmedia&parent=3788"}],"wp:term":[{"taxonomy":"category","embeddable":true,"href":"https:\/\/iamaw16.ca\/index.php?rest_route=%2Fwp%2Fv2%2Fcategories&post=3788"},{"taxonomy":"post_tag","embeddable":true,"href":"https:\/\/iamaw16.ca\/index.php?rest_route=%2Fwp%2Fv2%2Ftags&post=3788"}],"curies":[{"name":"wp","href":"https:\/\/api.w.org\/{rel}","templated":true}]}}