{"id":3681,"date":"2015-10-08T04:09:39","date_gmt":"2015-10-08T04:09:39","guid":{"rendered":"http:\/\/iamaw16.ca\/?p=3681"},"modified":"2015-10-08T04:12:53","modified_gmt":"2015-10-08T04:12:53","slug":"3681","status":"publish","type":"post","link":"https:\/\/iamaw16.ca\/?p=3681","title":{"rendered":"Political Action &#8211; What matters to Machinists \/ Ce qui compte pour les Machinistes ( JUSTICE )"},"content":{"rendered":"<h1><span style=\"text-decoration: underline;\"><strong>What matters to Machinists<\/strong><\/span><\/h1>\n<p><strong>Only 12 days before the most important election in Canada. We will contact you regularly to address the important issues and give you a report on the position of the parties for workers.\u00a0<\/strong><strong>I hope you will share with others.<\/strong><\/p>\n<p><strong><img loading=\"lazy\" decoding=\"async\" class=\"CToWUd\" src=\"https:\/\/ci3.googleusercontent.com\/proxy\/s14ggfds9eSRszUeTwM9QeoL8AZjjZNUJFMIVn0JJZiWwfuvbQvJJOdEjwyrJVaH_4A3a16D=s0-d-e1-ft#http:\/\/iamaw.ca\/pics\/Justice.jpg\" alt=\"Justice\" width=\"244\" height=\"101\" \/><\/strong><\/p>\n<h1><strong>JUSTICE<\/strong><\/h1>\n<h2><strong>CONSERVATIVE<\/strong><\/h2>\n<p>\u2022 Increased penalties for minor crimes<\/p>\n<p>\u2022 \u201cLife means life\u201d for crimes of a \u201cbrutal nature.\u201d<\/p>\n<p><strong><em>Comment: So-called \u201ctough on crime\u201d agenda resulted in mass incarceration of peoples of African descent and of Indigenous peoples.<\/em><\/strong><\/p>\n<p><strong>GRADE: \u00a0F<\/strong><\/p>\n<h2><strong>LIBERAL<\/strong><\/h2>\n<p>\u2022 Legalize marijuana.<\/p>\n<p>\u2022 Restrict mandatory minimum sentences to serious and violent offences.<\/p>\n<p><strong><em>Comment: Bill Blair as a Liberal candidate reflects lack of concern over \u201ccarding\u201d and mass incarceration<\/em><\/strong><\/p>\n<p><strong>GRADE: \u00a0C<\/strong><\/p>\n<h2><strong>NDP<\/strong><\/h2>\n<p>\u2022 De-criminalize marijuana.<\/p>\n<p>\u2022 Hire an additional 2,500 front-line police officers.<\/p>\n<p><strong><em>Comment: More police officers does not respond to the demands of Black Lives Matter Movement for community development<\/em><\/strong><\/p>\n<p><strong>GRADE: \u00a0C<\/strong><\/p>\n<h2><strong>GREEN<\/strong><\/h2>\n<p>\u2022 Legalize\/regulate marijuana.<\/p>\n<p>\u2022 Repeal mandatory minimum sentences.<\/p>\n<p>\u2022 Oppose attempts to privatize prisons in Canada.<\/p>\n<p><strong><em>Comment: Good position to oppose for-profit prisons<\/em><\/strong><\/p>\n<p><strong>GRADE:\u00a0\u00a0B<\/strong><\/p>\n<h1>Ce qui compte pour les Machinistes<\/h1>\n<p><strong>Il ne reste plus que 12 jours avant la plus importante \u00e9lection au Canada. Nous communiquerons avec vous \u00e0 intervalles r\u00e9guliers dans l\u2019optique d\u2019aborder les enjeux importants et vous faire rapport sur les prises de position des partis en ce qui concerne les travailleuses et travailleurs.\u00a0<\/strong><strong>J\u2019esp\u00e8re que vous ferez circuler cette information.<\/strong><\/p>\n<h3><img loading=\"lazy\" decoding=\"async\" class=\"CToWUd\" src=\"https:\/\/ci3.googleusercontent.com\/proxy\/s14ggfds9eSRszUeTwM9QeoL8AZjjZNUJFMIVn0JJZiWwfuvbQvJJOdEjwyrJVaH_4A3a16D=s0-d-e1-ft#http:\/\/iamaw.ca\/pics\/Justice.jpg\" alt=\"Justice\" width=\"244\" height=\"101\" \/><\/h3>\n<h1>JUSTICE<\/h1>\n<h2><strong>CONSERVATEURS<\/strong><\/h2>\n<p>\u2022 Ont alourdi les peines en cas de d\u00e9lits mineurs<\/p>\n<p>\u2022 \u00ab\u00a0\u00c0 vie, c\u2019est \u00e0 vie\u00a0\u00bb dans le cas de crimes d\u2019une \u00ab\u00a0nature brutale\u00a0\u00bb<\/p>\n<p><strong><em>Commentaire\u00a0: La pr\u00e9tendue \u00ab\u00a0lutte contre la criminalit\u00e9\u00a0\u00bb s\u2019est sold\u00e9e par l\u2019incarc\u00e9ration massive de personnes de descendance africaine et d\u2019Autochtones.<\/em><\/strong><\/p>\n<p><strong>NOTE\u00a0ACCORD\u00c9E\u00a0: \u00a0F<\/strong><\/p>\n<h2><strong>LIB\u00c9RAUX<\/strong><\/h2>\n<p>\u2022 Veulent l\u00e9galiser la marijuana<\/p>\n<p>\u2022 Veulent limiter les peines minimales aux crimes graves et violents<\/p>\n<p><strong><em>Commentaire\u00a0: Le candidat lib\u00e9ral Bill Blair d\u00e9montre un manque de souci pour le \u00ab\u00a0cardage\u00a0\u00bb et l\u2019incarc\u00e9ration de masse.<\/em><\/strong><\/p>\n<p><strong>NOTE\u00a0ACCORD\u00c9E\u00a0: \u00a0C<\/strong><\/p>\n<h2><strong>N\u00c9O-D\u00c9MOCRATES<\/strong><\/h2>\n<p>\u2022 Veulent d\u00e9criminaliser la marijuana<\/p>\n<p>\u2022 Veulent embaucher 2\u00a0500\u00a0policiers de premi\u00e8re ligne de plus<\/p>\n<p><strong><em>Commentaire\u00a0: Augmenter le nombre de policiers ne permettrait pas de r\u00e9pondre aux demandes formul\u00e9es par le mouvement Black Lives Matter pour le d\u00e9veloppement communautaire.<\/em><\/strong><\/p>\n<p><strong>NOTE\u00a0ACCORD\u00c9E\u00a0: \u00a0C<\/strong><\/p>\n<h2><strong>VERTS<\/strong><\/h2>\n<p>\u2022 Veulent l\u00e9galiser\/r\u00e9glementer la marijuana<\/p>\n<p>\u2022 Veulent abroger les peines minimales obligatoires<\/p>\n<p>\u2022 S\u2019opposent \u00e0 la privatisation des prisons canadiennes<\/p>\n<p><strong>Commentaire\u00a0: Il est judicieux de s\u2019opposer \u00e0 la privatisation des prisons.<\/strong><\/p>\n<p><strong>NOTE\u00a0ACCORD\u00c9E\u00a0: \u00a0B<\/strong><\/p>\n<p>IAMAW Canada \u2022 AIMTA Canada<br \/>\n<a href=\"http:\/\/campaign.iamaw.ca\/?e=c27ff0a23c8d02301558963127b76c3b&amp;utm_source=iamaw&amp;utm_medium=email&amp;utm_campaign=issues_justice&amp;n=2\" target=\"_blank\"><span style=\"color: #1155cc;\">http:\/\/campaign.iamaw.ca\/<\/span><\/a><\/p>\n","protected":false},"excerpt":{"rendered":"<p>What matters to Machinists Only 12 days before the most important election in Canada. We will contact you regularly to [&hellip;]<\/p>\n","protected":false},"author":4,"featured_media":0,"comment_status":"closed","ping_status":"closed","sticky":false,"template":"","format":"standard","meta":{"footnotes":""},"categories":[1],"tags":[],"class_list":["post-3681","post","type-post","status-publish","format-standard","hentry","category-uncategorized"],"_links":{"self":[{"href":"https:\/\/iamaw16.ca\/index.php?rest_route=\/wp\/v2\/posts\/3681","targetHints":{"allow":["GET"]}}],"collection":[{"href":"https:\/\/iamaw16.ca\/index.php?rest_route=\/wp\/v2\/posts"}],"about":[{"href":"https:\/\/iamaw16.ca\/index.php?rest_route=\/wp\/v2\/types\/post"}],"author":[{"embeddable":true,"href":"https:\/\/iamaw16.ca\/index.php?rest_route=\/wp\/v2\/users\/4"}],"replies":[{"embeddable":true,"href":"https:\/\/iamaw16.ca\/index.php?rest_route=%2Fwp%2Fv2%2Fcomments&post=3681"}],"version-history":[{"count":1,"href":"https:\/\/iamaw16.ca\/index.php?rest_route=\/wp\/v2\/posts\/3681\/revisions"}],"predecessor-version":[{"id":3683,"href":"https:\/\/iamaw16.ca\/index.php?rest_route=\/wp\/v2\/posts\/3681\/revisions\/3683"}],"wp:attachment":[{"href":"https:\/\/iamaw16.ca\/index.php?rest_route=%2Fwp%2Fv2%2Fmedia&parent=3681"}],"wp:term":[{"taxonomy":"category","embeddable":true,"href":"https:\/\/iamaw16.ca\/index.php?rest_route=%2Fwp%2Fv2%2Fcategories&post=3681"},{"taxonomy":"post_tag","embeddable":true,"href":"https:\/\/iamaw16.ca\/index.php?rest_route=%2Fwp%2Fv2%2Ftags&post=3681"}],"curies":[{"name":"wp","href":"https:\/\/api.w.org\/{rel}","templated":true}]}}